{"id":1024,"date":"2022-05-26T20:21:35","date_gmt":"2022-05-26T20:21:35","guid":{"rendered":"https:\/\/hastaencontrarles.com\/?p=1024"},"modified":"2022-05-27T18:04:21","modified_gmt":"2022-05-27T18:04:21","slug":"la-construccion-de-la-memoria-a-traves-de-la-apropiacion-del-espacio-publico","status":"publish","type":"post","link":"https:\/\/hastaencontrarles.com\/eng\/2022\/05\/26\/la-construccion-de-la-memoria-a-traves-de-la-apropiacion-del-espacio-publico\/","title":{"rendered":"La construcci\u00f3n de la memoria a trav\u00e9s de la apropiaci\u00f3n del espacio p\u00fablico"},"content":{"rendered":"<div data-elementor-type=\"wp-post\" data-elementor-id=\"1024\" class=\"elementor elementor-1024\">\n\t\t\t\t\t\t<section class=\"elementor-section elementor-top-section elementor-element elementor-element-73ec39c elementor-section-full_width elementor-section-stretched elementor-section-height-default elementor-section-height-default\" data-id=\"73ec39c\" data-element_type=\"section\" data-settings=\"{&quot;stretch_section&quot;:&quot;section-stretched&quot;,&quot;jet_parallax_layout_list&quot;:[{&quot;jet_parallax_layout_image&quot;:{&quot;url&quot;:&quot;&quot;,&quot;id&quot;:&quot;&quot;,&quot;size&quot;:&quot;&quot;},&quot;_id&quot;:&quot;2ad95ed&quot;,&quot;jet_parallax_layout_image_tablet&quot;:{&quot;url&quot;:&quot;&quot;,&quot;id&quot;:&quot;&quot;,&quot;size&quot;:&quot;&quot;},&quot;jet_parallax_layout_image_mobile&quot;:{&quot;url&quot;:&quot;&quot;,&quot;id&quot;:&quot;&quot;,&quot;size&quot;:&quot;&quot;},&quot;jet_parallax_layout_speed&quot;:{&quot;unit&quot;:&quot;%&quot;,&quot;size&quot;:50,&quot;sizes&quot;:[]},&quot;jet_parallax_layout_type&quot;:&quot;scroll&quot;,&quot;jet_parallax_layout_direction&quot;:&quot;1&quot;,&quot;jet_parallax_layout_fx_direction&quot;:null,&quot;jet_parallax_layout_z_index&quot;:&quot;&quot;,&quot;jet_parallax_layout_bg_x&quot;:50,&quot;jet_parallax_layout_bg_x_tablet&quot;:&quot;&quot;,&quot;jet_parallax_layout_bg_x_mobile&quot;:&quot;&quot;,&quot;jet_parallax_layout_bg_y&quot;:50,&quot;jet_parallax_layout_bg_y_tablet&quot;:&quot;&quot;,&quot;jet_parallax_layout_bg_y_mobile&quot;:&quot;&quot;,&quot;jet_parallax_layout_bg_size&quot;:&quot;auto&quot;,&quot;jet_parallax_layout_bg_size_tablet&quot;:&quot;&quot;,&quot;jet_parallax_layout_bg_size_mobile&quot;:&quot;&quot;,&quot;jet_parallax_layout_animation_prop&quot;:&quot;transform&quot;,&quot;jet_parallax_layout_on&quot;:[&quot;desktop&quot;,&quot;tablet&quot;]}],&quot;background_background&quot;:&quot;classic&quot;}\">\n\t\t\t\t\t\t\t<div class=\"elementor-background-overlay\"><\/div>\n\t\t\t\t\t\t\t<div class=\"elementor-container elementor-column-gap-default\">\n\t\t\t\t\t<div class=\"elementor-column elementor-col-100 elementor-top-column elementor-element elementor-element-e2e2e37\" data-id=\"e2e2e37\" data-element_type=\"column\">\n\t\t\t<div class=\"elementor-widget-wrap elementor-element-populated\">\n\t\t\t\t\t\t<div class=\"elementor-element elementor-element-fd92d1f elementor-widget elementor-widget-heading\" data-id=\"fd92d1f\" data-element_type=\"widget\" data-widget_type=\"heading.default\">\n\t\t\t\t\t<h2 class=\"elementor-heading-title elementor-size-default\">La construcci\u00f3n de la memoria a trav\u00e9s de la apropiaci\u00f3n del espacio p\u00fablico<\/h2>\t\t\t\t<\/div>\n\t\t\t\t<div class=\"elementor-element elementor-element-048a899 elementor-widget elementor-widget-text-editor\" data-id=\"048a899\" data-element_type=\"widget\" data-widget_type=\"text-editor.default\">\n\t\t\t\t\t\t\t\t\t<p>La intervenci\u00f3n de paredes, plazas p\u00fablicas, \u00e1rboles y m\u00e1s espacios para visibilizar a las personas desaparecidas, son un acto de memoria colectiva. Es una forma m\u00e1s de buscar en un pa\u00eds como M\u00e9xico, donde hay m\u00e1s de 100 mil personas que siguen sin ser localizadas.<\/p><p><em style=\"color: var( --e-global-color-text ); font-size: 1em;\"><strong>Por Scarlett Nordahl \/ #HastaEncontrarles*<\/strong><\/em><\/p><p dir=\"ltr\">\u00a0<\/p>\t\t\t\t\t\t\t\t<\/div>\n\t\t\t\t\t<\/div>\n\t\t<\/div>\n\t\t\t\t\t<\/div>\n\t\t<\/section>\n\t\t\t\t<section class=\"elementor-section elementor-top-section elementor-element elementor-element-7ed522e elementor-section-full_width elementor-section-stretched elementor-section-height-default elementor-section-height-default\" data-id=\"7ed522e\" data-element_type=\"section\" data-settings=\"{&quot;stretch_section&quot;:&quot;section-stretched&quot;,&quot;jet_parallax_layout_list&quot;:[{&quot;jet_parallax_layout_image&quot;:{&quot;url&quot;:&quot;&quot;,&quot;id&quot;:&quot;&quot;,&quot;size&quot;:&quot;&quot;},&quot;_id&quot;:&quot;53df846&quot;,&quot;jet_parallax_layout_image_tablet&quot;:{&quot;url&quot;:&quot;&quot;,&quot;id&quot;:&quot;&quot;,&quot;size&quot;:&quot;&quot;},&quot;jet_parallax_layout_image_mobile&quot;:{&quot;url&quot;:&quot;&quot;,&quot;id&quot;:&quot;&quot;,&quot;size&quot;:&quot;&quot;},&quot;jet_parallax_layout_speed&quot;:{&quot;unit&quot;:&quot;%&quot;,&quot;size&quot;:50,&quot;sizes&quot;:[]},&quot;jet_parallax_layout_type&quot;:&quot;scroll&quot;,&quot;jet_parallax_layout_direction&quot;:&quot;1&quot;,&quot;jet_parallax_layout_fx_direction&quot;:null,&quot;jet_parallax_layout_z_index&quot;:&quot;&quot;,&quot;jet_parallax_layout_bg_x&quot;:50,&quot;jet_parallax_layout_bg_x_tablet&quot;:&quot;&quot;,&quot;jet_parallax_layout_bg_x_mobile&quot;:&quot;&quot;,&quot;jet_parallax_layout_bg_y&quot;:50,&quot;jet_parallax_layout_bg_y_tablet&quot;:&quot;&quot;,&quot;jet_parallax_layout_bg_y_mobile&quot;:&quot;&quot;,&quot;jet_parallax_layout_bg_size&quot;:&quot;auto&quot;,&quot;jet_parallax_layout_bg_size_tablet&quot;:&quot;&quot;,&quot;jet_parallax_layout_bg_size_mobile&quot;:&quot;&quot;,&quot;jet_parallax_layout_animation_prop&quot;:&quot;transform&quot;,&quot;jet_parallax_layout_on&quot;:[&quot;desktop&quot;,&quot;tablet&quot;]}],&quot;background_background&quot;:&quot;classic&quot;}\">\n\t\t\t\t\t\t\t<div class=\"elementor-background-overlay\"><\/div>\n\t\t\t\t\t\t\t<div class=\"elementor-container elementor-column-gap-default\">\n\t\t\t\t\t<div class=\"elementor-column elementor-col-100 elementor-top-column elementor-element elementor-element-3d3c002\" data-id=\"3d3c002\" data-element_type=\"column\">\n\t\t\t<div class=\"elementor-widget-wrap\">\n\t\t\t\t\t\t\t<\/div>\n\t\t<\/div>\n\t\t\t\t\t<\/div>\n\t\t<\/section>\n\t\t\t\t<section class=\"elementor-section elementor-top-section elementor-element elementor-element-a87a158 elementor-section-stretched elementor-section-boxed elementor-section-height-default elementor-section-height-default\" data-id=\"a87a158\" data-element_type=\"section\" data-settings=\"{&quot;stretch_section&quot;:&quot;section-stretched&quot;,&quot;jet_parallax_layout_list&quot;:[{&quot;jet_parallax_layout_image&quot;:{&quot;url&quot;:&quot;&quot;,&quot;id&quot;:&quot;&quot;,&quot;size&quot;:&quot;&quot;},&quot;_id&quot;:&quot;cdbc421&quot;,&quot;jet_parallax_layout_image_tablet&quot;:{&quot;url&quot;:&quot;&quot;,&quot;id&quot;:&quot;&quot;,&quot;size&quot;:&quot;&quot;},&quot;jet_parallax_layout_image_mobile&quot;:{&quot;url&quot;:&quot;&quot;,&quot;id&quot;:&quot;&quot;,&quot;size&quot;:&quot;&quot;},&quot;jet_parallax_layout_speed&quot;:{&quot;unit&quot;:&quot;%&quot;,&quot;size&quot;:50,&quot;sizes&quot;:[]},&quot;jet_parallax_layout_type&quot;:&quot;scroll&quot;,&quot;jet_parallax_layout_direction&quot;:&quot;1&quot;,&quot;jet_parallax_layout_fx_direction&quot;:null,&quot;jet_parallax_layout_z_index&quot;:&quot;&quot;,&quot;jet_parallax_layout_bg_x&quot;:50,&quot;jet_parallax_layout_bg_x_tablet&quot;:&quot;&quot;,&quot;jet_parallax_layout_bg_x_mobile&quot;:&quot;&quot;,&quot;jet_parallax_layout_bg_y&quot;:50,&quot;jet_parallax_layout_bg_y_tablet&quot;:&quot;&quot;,&quot;jet_parallax_layout_bg_y_mobile&quot;:&quot;&quot;,&quot;jet_parallax_layout_bg_size&quot;:&quot;auto&quot;,&quot;jet_parallax_layout_bg_size_tablet&quot;:&quot;&quot;,&quot;jet_parallax_layout_bg_size_mobile&quot;:&quot;&quot;,&quot;jet_parallax_layout_animation_prop&quot;:&quot;transform&quot;,&quot;jet_parallax_layout_on&quot;:[&quot;desktop&quot;,&quot;tablet&quot;]}]}\">\n\t\t\t\t\t\t\t<div class=\"elementor-background-overlay\"><\/div>\n\t\t\t\t\t\t\t<div class=\"elementor-container elementor-column-gap-default\">\n\t\t\t\t\t<div class=\"elementor-column elementor-col-100 elementor-top-column elementor-element elementor-element-0de75ed\" data-id=\"0de75ed\" data-element_type=\"column\">\n\t\t\t<div class=\"elementor-widget-wrap elementor-element-populated\">\n\t\t\t\t\t\t<div class=\"elementor-element elementor-element-f68eff4 elementor-widget elementor-widget-text-editor\" data-id=\"f68eff4\" data-element_type=\"widget\" data-widget_type=\"text-editor.default\">\n\t\t\t\t\t\t\t\t\t<p>En M\u00e9xico, la b\u00fasqueda de personas desaparecidas tambi\u00e9n se hace a trav\u00e9s de las paredes.<\/p><p>La apropiaci\u00f3n de espacios p\u00fablicos por parte de los colectivos de familias con personas desaparecidas en M\u00e9xico -un pa\u00eds con m\u00e1s de 100 mil casos-, no s\u00f3lo representa un llamado a las autoridades y sociedad en general por la ausencia de sus familiares. Al intervenir edificios y naturaleza con perfiles, rostros y nombres de personas ausentes, el espacio se re significa para mantener vigente la memoria ante la falta de respuestas.<\/p><p>En Sinaloa hay 25 colectivos que se concentran en la entidad, los cuales han realizado alrededor de 11 intervenciones de espacios p\u00fablicos, entre memoriales y santuarios que fungen como lugares de resistencia.<\/p><p>Estos sitios, por lo regular, van de la mano con actividades culturales, rituales de fe y de protesta al aire libre que ayudan a mantener visible una problem\u00e1tica que ya suma 5 mil 489 casos de personas que siguen sin regresar a sus hogares en Sinaloa.<\/p><p>Por ejemplo, el 1 de diciembre de 2020 en Culiac\u00e1n, el Colectivo Sabuesos Guerreras coloc\u00f3 listones de colores con los nombres y mensajes para sus desaparecidos en cinco \u00e1rboles afuera de la Fiscal\u00eda General del Estado, los cuales fueron rebautizados como los \u2018\u00c1rboles de la Esperanza\u2019.<\/p><p>Mar\u00eda Isabel Cruz Bernal, l\u00edder de este colectivo que alberga al menos a 400 familias con personas desaparecidas, dijo que adem\u00e1s de esta intervenci\u00f3n se suman la instalaci\u00f3n de mosaicos con los rostros y nombres de sus desaparecidos en la barda perimetral de la Catedral de Culiac\u00e1n; la instalaci\u00f3n de otro \u2018\u00c1rbol de la Esperanza\u2019 en la plazuela \u2018\u00c1lvaro Obreg\u00f3n\u2019; as\u00ed como la pega de algunos carteles y murales pintados con ayuda de colectivos como Juan Panadero en el primer cuadro de la capital sinaloense.<\/p><p>\u00a0<\/p><p>Para Cruz Bernal es sumamente importante que los colectivos de b\u00fasqueda salgan a los espacios p\u00fablicos, a pesar de que ello pueda generar incomodidades, ya que al realizar estas intervenciones son maneras de poder honrar y recordar a los suyos.<\/p><p>\u201cIncomodamos tanto a la sociedad, como al gobierno. Incomodamos a una sociedad ciega que se niega a tomar conciencia y creer que algo est\u00e1 pasando y a las autoridades que incluso nos se\u00f1alan de contaminar visualmente. Nuestros desaparecidos no son contaminaci\u00f3n visual, ellos faltan y los recordamos, es nuestra manera de gritar que nos hacen faltan\u201d, asegur\u00f3 la madre de Yosimar Garc\u00eda Cruz, desaparecido el 26 de enero de 2017 en Culiac\u00e1n.<\/p><figure><img decoding=\"async\" src=\"https:\/\/lh3.googleusercontent.com\/tr6o9dPpEuQsx_K9_HWAbaCYlfzD9BOX5CB4gqbcpG_qQ1HBzpwBDO7z71vFyiInVpvtTNASAd6y06abDtTUJmUT7uo9rK8mFqJ-iY9SV9ehRt9CX-Mp2-SpZORYnOzDXutmOcDKJKtSbCkvdw\" alt=\"\" \/><p>\u00a0<\/p><figcaption><em>En Culiac\u00e1n las madres del colectivo Sabuesos Guerreras y activistas han realizado pegas masivas de los rostros de sus desaparecidos. Algunos fueron retirados por autoridades al ser considerado vandalismo | Fotograf\u00eda: Scarlett Nordahl\u00a0<\/em><\/figcaption><\/figure><h3>INTERVENCI\u00d3N DE ESPACIOS PARA MANTENER MEMORIA<\/h3><p>El espacio p\u00fablico es el sitio fundamental para la memoria cultural, por ser una plataforma desde la cual se puede resimbolizar lo ya conocido, renombrar con el prop\u00f3sito de reconstruir. Esta funci\u00f3n es especialmente importante cuando se relaciona con la violencia e impunidad que se desprende de un Estado omiso, describi\u00f3 Susana Torres en su texto \u201cCiudad, memoria y espacio p\u00fablico: el caso de los monumentos a los detenidos y desaparecidos\u201d.\u00a0<\/p><p>Es ah\u00ed, explic\u00f3 la arquitecta y cr\u00edtica argentina-estadounidense, cuando los monumentos, o intervenciones, se transforman en lugares donde se canaliza el duelo y a su vez se convierten en un recordatorio imprescindible, que ayude a mantener viva la memoria.<\/p><figure><img decoding=\"async\" src=\"https:\/\/lh6.googleusercontent.com\/LxpuV8S6-FWGCg7trTA0RxD6qaUu-GxCqZ1AW3EEsnWRiyiYf-k_iMW-N_vklEKAGfh4lbhF1xHpZKfXCcZJSaTArjp1jpYNAta2TziqsnbIZEOeBOj5KAW_Sw4MB9d_9Qj2AX0x9Ywb0IayLA\" alt=\"\" \/><p>\u00a0<\/p><figcaption><em>Colectivo Por Las Voces Sin Justicia coloc\u00f3 mosaicos con los rostros de sus hijos en un muro de la Agencia de Desapariciones Forzadas de la Vicefical\u00eda Sur del Estado en Mazatl\u00e1n<\/em>\u00a0<em>| Fotograf\u00eda: Scarlett Nordahl<\/em><\/figcaption><\/figure><p>En Sinaloa, las familias de los desaparecidos han realizado intervenciones en zonas como la fachada de la Catedral de Culiac\u00e1n, con la pega de mosaicos con los rostros de sus hijos; el Memorial de Piedras de los Tesoros Perdidos, realizado en la Plaza de la Mujer en Ahome; o el Santuario de los Desaparecidos instalado en la Plazuela Zaragoza, en Mazatl\u00e1n.<\/p><p>Esta \u00faltima intervenci\u00f3n se hizo por el colectivo Tesoros Perdidos Hasta Encontrarlos, el pasado 13 de mayo, fundado por Irma Arellanes Hern\u00e1ndez, quien explic\u00f3 que el \u00e1rbol representa vida pero no puede hablar, por lo que es un testigo mudo, ya que son debajo de las ra\u00edces de los mismos donde muchos de sus hijos e hijas desaparecidos son localizados.<\/p><p>Es por ello que lo convirtieron en un espacio para ir a rezarles y llorarles, al mismo tiempo sus ramas toman la funci\u00f3n de ser un reflector que ilumina las fotograf\u00edas de sus hijos y al ser altas, cercanas al cielo, les haga llegar sus mensajes de que contin\u00faan en la b\u00fasqueda de ellos.\u00a0\u00a0\u00a0<\/p><p>\u201cEl \u00e1rbol representa vida, \u00e9l tiene vida, pero no habla. Para nosotros es un testigo mudo, \u00e9l sabe d\u00f3nde est\u00e1n nuestros hijos pero no nos puede decir. Queremos poner una Virgen y hacer como unas escaleras y colgar las im\u00e1genes en alto, todas las colectivas est\u00e1n invitadas. Que vengan a dejar flores y las fotos de sus hijos\u201d, dijo Irma, madre de Irving Alain Cortez Arellanes, quien fue desaparecido el 7 de julio de 2017 y localizado sin vida 20 d\u00edas despu\u00e9s en un fosa clandestina en el puerto de Mazatl\u00e1n.\u00a0<\/p><figure><img decoding=\"async\" src=\"https:\/\/lh4.googleusercontent.com\/PYpV9S9xlz9ruz5IXqBLcBwAZmXdcRjDNBV9bB6wjLCz_bDuNFiRSTqhRrXO6zgOlIvj8tBXTWznTpShMfA1nGLr6gZJj2UFv3azJbg6fXjNjPxUUQKz3ZGf675_qUwE4A5zdx6kV5PMZ9LKeA\" alt=\"\" \/><p>\u00a0<\/p><figcaption><em>Familias del colectivo Tesoros Perdidos Hasta Encontrarlos realizan una oraci\u00f3n alrededor del \u00e1rbol que fue renombrado como El Santuario de los Desaparecidos en Mazatl\u00e1n | Fotograf\u00eda: Scarlett Nordahl<\/em><\/figcaption><\/figure><p>El arquitecto Alejandro Arag\u00f3n, de Culiac\u00e1n, explic\u00f3 que este tipo de expresiones son generalmente bien aceptadas por los individuos o ciudadanos que fungen como espectadores, sobre todo cuando el motivo o la carga de esa instalaci\u00f3n tiene un mensaje relacionado a la lucha y la b\u00fasqueda de justicia.<\/p><p>\u201cDesde el activismo y toma del espacio p\u00fablico como protesta, las intervenciones que hacen los colectivos las hacen desde esa motivaci\u00f3n y la configuraci\u00f3n que hacen del espacio, no solo se queda ah\u00ed, se pasa a los individuos. Por ejemplo, aqu\u00ed en Culiac\u00e1n, los ciudadanos aceptan muy bien ese tipo de intervenciones, porque lo miran como un reflejo de las problem\u00e1ticas sociales, culturales y pol\u00edticas de la ciudad\u201d, coment\u00f3 Arag\u00f3n.<\/p><h3>NO TODOS EST\u00c1N A FAVOR DE LAS INTERVENCIONES<\/h3><p>Las intervenciones de espacios p\u00fablicos forman parte de distintas expresiones, sucede as\u00ed con los hechos por colectivos de b\u00fasqueda de personas desaparecidas en Sinaloa.\u00a0<\/p><p>A nivel nacional hay m\u00e1s esfuerzos, como la glorieta por los desaparecidos en Guadalajara, Jalisco; la plaza de los desaparecidos en Monterrey, Nuevo Le\u00f3n; loa antimonumentos en Paseo La Reforma en memoria de los 43 estudiantes desaparecidos de Ayotzinapa, Guerrero, y los 72 migrantes desaparecidos y masacrados en San Fernando, Tamaulipas y recientemente la exigencia de nombrar una glorieta en la Ciudad de M\u00e9xico en honor y memoria para la personas desaparecidas.<\/p><figure><img decoding=\"async\" src=\"https:\/\/lh6.googleusercontent.com\/Zu5FQjggMjSDFPSB9MAg4CFT49yVNWe_z0ebGLqtOBZ7MjxHjdfbAKWb6rNGnepS9yhBSAQTCN3GASAmX1_AuAg88sUtjOmJCaCfFcnTCCif4NtNqenARKwpHoYF6RvC1kKoa9V6J8Rql8f-tg\" alt=\"\" \/><p>\u00a0<\/p><figcaption><em>Algunos de los mosaicos instalados por el colectivo Sabuesos Guerreras en Culiac\u00e1n han sido vandalizados e incluso uno fue retirado. Las madres desconocen el porqu\u00e9 de esta acci\u00f3n<\/em>\u00a0<em>| Fotograf\u00eda: Scarlett Nordahl<\/em><\/figcaption><\/figure><p>Est\u00e1s acciones son colectivas, que no han sido del agrado de todas las personas, sobre todo quienes pertenecen al sector pol\u00edtico, pues tales esfuerzos incomodan y han llegado a ser removidos o no aceptados.\u00a0<\/p><p>Francisco Terrazas, antrop\u00f3logo y miembro del colectivo \u2018Juan Panadero\u2019, hizo hincapi\u00e9 en que todav\u00eda hay resistencia, sobre todo de parte de las autoridades locales, en torno a permitir que este tipo de expresiones tengan lugar. Hay una prioridad por proteger una imagen que busca una proyecci\u00f3n, generalmente, relacionada al turismo.<\/p><p>\u201cQuieren mantener una imagen de la ciudad positiva, es por ello que pretenden ocultar o mantener alejadas las problem\u00e1ticas reales. Por ejemplo, en las letras de Culiac\u00e1n, un parador fotogr\u00e1fico, las autoridades calificaron la pega de carteles como vandalismo, estas fueron promocionadas por una empresa privada, la cual no se posicion\u00f3 al respecto. Fue el gobernador del estado en ese momento, Quirino Ordaz Coppel, quien orden\u00f3 retirarlas\u201d, recalc\u00f3 Terrazas.<\/p><figure><img decoding=\"async\" src=\"https:\/\/lh6.googleusercontent.com\/P33xEwFlrARarvUmAy1-245w-yfeMTccfCf2EdJZqt-XZRG5a26AcBmu2fBINRz5Ku0w-f-O2yi-Wft8OsoXwH8NiJ97-rgrbGUGd_l6n7jaJhbHPDhbJ4xrhbqyGyts_z2J5YE0GjIwilcvWg\" alt=\"\" \/><p>\u00a0<\/p><figcaption><em>En Mazatl\u00e1n el colectivo Tesoros Perdidos Hasta Encontrarles realizaron una pega de rostros de desaparecidos sobre la avenida Santa Rosa. A pesar de contar con el permiso de los vecinos, los carteles no duraron m\u00e1s de 48 horas. Todos fueron retirados<\/em>\u00a0<em>| Fotograf\u00eda: Scarlett Nordahl<\/em><\/figcaption><\/figure><p>Una situaci\u00f3n similar se dio en el municipio de Ahome, el pasado 13 de agosto del 2020 en la Plaza de la Mujer. El colectivo Rastreadoras de El Fuerte, conformado por al menos 800 familias que buscan a sus desaparecidos, hab\u00eda instalado un memorial para sus \u2018tesoros\u2019 -como suelen decir para referirse a sus familiares desaparecidos- conformado por piedras que conten\u00edan la imagen y nombres de sus hijos, encapsulados con resina.<\/p><p>Mirna Nereida Medina Qui\u00f1\u00f3nez, l\u00edder y fundadora de este colectivo, relat\u00f3 que fue el entonces alcalde de Ahome, Manuel Guillermo Chapman Moreno, quien sin previo aviso orden\u00f3 se retiraran de la plaza las im\u00e1genes que las rastreadoras hab\u00edan colocado.<\/p><p>\u201cDe repente a los gobiernos no les gusta esto, porque algunos dicen que es basura, cr\u00e9eme. Nosotros tomamos un espacio, frente al monumento de la madre, en el que nosotros pusimos algunas piedras con las fotos de nuestros hijos y un mensaje hermoso, los cubrimos de resina para proteger la fotograf\u00eda y el mensaje. Estuvieron ah\u00ed un a\u00f1o y medio, pero al presidente municipal anterior no le pareci\u00f3 que estuvieran ah\u00ed, dijo que eran basura y los quitaron. Hicimos una protesta por eso\u201d, record\u00f3 la madre de Roberto Medina Qui\u00f1\u00f3nez, quien fue desaparecido el 14 de julio de 2014 en El Fuerte y localizado sin vida tres a\u00f1os despu\u00e9s en un pueblo llamado Ocolome, cerca de donde ocurri\u00f3 el crimen.<\/p><p>Ante la incertidumbre por la ausencia de la persona desaparecida, el espacio p\u00fablico se convierte, en muchas ocasiones, en el \u00fanico medio f\u00edsico donde es canalizado el duelo. Funciona al mismo tiempo como catarsis y protesta, adem\u00e1s de s\u00edmbolo de impunidad y omisi\u00f3n por parte del Estado.\u00a0<\/p><p>En el pasado reciente han incrementado el n\u00famero de instalaciones realizadas por los colectivos de b\u00fasqueda, lo cu\u00e1l ha ido de la mano con el aumento en la cifra de personas desaparecidas en M\u00e9xico. Dichas intervenciones son m\u00e1s visibles en aquellos lugares donde m\u00e1s inc\u00f3moda a la autoridad como sitios tur\u00edsticos o emblem\u00e1ticos de la ciudad. La raz\u00f3n de ser del espacio p\u00fablico se carga con la ausencia.<\/p><p>\u00a0<\/p>\t\t\t\t\t\t\t\t<\/div>\n\t\t\t\t\t<\/div>\n\t\t<\/div>\n\t\t\t\t\t<\/div>\n\t\t<\/section>\n\t\t\t\t<\/div>","protected":false},"excerpt":{"rendered":"<p>La intervenci\u00f3n de paredes, plazas p\u00fablicas, \u00e1rboles y m\u00e1s espacios para visibilizar a las personas desaparecidas, son un acto de memoria colectiva. Es una forma m\u00e1s de buscar en un pa\u00eds como M\u00e9xico, donde hay m\u00e1s de 100 mil personas que siguen sin ser localizadas.<\/p>","protected":false},"author":2,"featured_media":1026,"comment_status":"open","ping_status":"open","sticky":false,"template":"","format":"standard","meta":{"_acf_changed":false,"footnotes":""},"categories":[5],"tags":[23,22,26,20,25,24,27],"class_list":["post-1024","post","type-post","status-publish","format-standard","has-post-thumbnail","hentry","category-principal","tag-buscadoras","tag-desaparicion","tag-espacio-publico","tag-maternidad","tag-memoria","tag-protesta","tag-vandalismo"],"acf":[],"yoast_head":"<!-- This site is optimized with the Yoast SEO plugin v26.1.1 - https:\/\/yoast.com\/wordpress\/plugins\/seo\/ -->\n<title>La construcci\u00f3n de la memoria a trav\u00e9s de la apropiaci\u00f3n del espacio p\u00fablico - Hasta Encontrarles<\/title>\n<meta name=\"description\" content=\"No todos los desaparecidos est\u00e1n vivos. Sus familias han salido a mover el cielo para encontrarles. Elevan una oraci\u00f3n cuando lo logran.\" \/>\n<meta name=\"robots\" content=\"index, follow, max-snippet:-1, max-image-preview:large, max-video-preview:-1\" \/>\n<link rel=\"canonical\" href=\"https:\/\/hastaencontrarles.com\/eng\/2022\/05\/26\/la-construccion-de-la-memoria-a-traves-de-la-apropiacion-del-espacio-publico\/\" \/>\n<meta property=\"og:locale\" content=\"en_US\" \/>\n<meta property=\"og:type\" content=\"article\" \/>\n<meta property=\"og:title\" content=\"La construcci\u00f3n de la memoria a trav\u00e9s de la apropiaci\u00f3n del espacio p\u00fablico - Hasta Encontrarles\" \/>\n<meta property=\"og:description\" content=\"No todos los desaparecidos est\u00e1n vivos. Sus familias han salido a mover el cielo para encontrarles. Elevan una oraci\u00f3n cuando lo logran.\" \/>\n<meta property=\"og:url\" content=\"https:\/\/hastaencontrarles.com\/eng\/2022\/05\/26\/la-construccion-de-la-memoria-a-traves-de-la-apropiacion-del-espacio-publico\/\" \/>\n<meta property=\"og:site_name\" content=\"Hasta Encontrarles\" \/>\n<meta property=\"article:published_time\" content=\"2022-05-26T20:21:35+00:00\" \/>\n<meta property=\"article:modified_time\" content=\"2022-05-27T18:04:21+00:00\" \/>\n<meta property=\"og:image\" content=\"https:\/\/hastaencontrarles.com\/wp-content\/uploads\/2022\/05\/Hast-Encontrarles-1600x800-1.jpg\" \/>\n\t<meta property=\"og:image:width\" content=\"1600\" \/>\n\t<meta property=\"og:image:height\" content=\"800\" \/>\n\t<meta property=\"og:image:type\" content=\"image\/jpeg\" \/>\n<meta name=\"author\" content=\"espejo\" \/>\n<meta name=\"twitter:card\" content=\"summary_large_image\" \/>\n<meta name=\"twitter:label1\" content=\"Written by\" \/>\n\t<meta name=\"twitter:data1\" content=\"espejo\" \/>\n\t<meta name=\"twitter:label2\" content=\"Est. reading time\" \/>\n\t<meta name=\"twitter:data2\" content=\"9 minutes\" \/>\n<script type=\"application\/ld+json\" class=\"yoast-schema-graph\">{\"@context\":\"https:\/\/schema.org\",\"@graph\":[{\"@type\":\"WebPage\",\"@id\":\"https:\/\/hastaencontrarles.com\/2022\/05\/26\/la-construccion-de-la-memoria-a-traves-de-la-apropiacion-del-espacio-publico\/\",\"url\":\"https:\/\/hastaencontrarles.com\/2022\/05\/26\/la-construccion-de-la-memoria-a-traves-de-la-apropiacion-del-espacio-publico\/\",\"name\":\"La construcci\u00f3n de la memoria a trav\u00e9s de la apropiaci\u00f3n del espacio p\u00fablico - Hasta Encontrarles\",\"isPartOf\":{\"@id\":\"https:\/\/hastaencontrarles.com\/#website\"},\"primaryImageOfPage\":{\"@id\":\"https:\/\/hastaencontrarles.com\/2022\/05\/26\/la-construccion-de-la-memoria-a-traves-de-la-apropiacion-del-espacio-publico\/#primaryimage\"},\"image\":{\"@id\":\"https:\/\/hastaencontrarles.com\/2022\/05\/26\/la-construccion-de-la-memoria-a-traves-de-la-apropiacion-del-espacio-publico\/#primaryimage\"},\"thumbnailUrl\":\"https:\/\/hastaencontrarles.com\/wp-content\/uploads\/2022\/05\/Hast-Encontrarles-1600x800-1.jpg\",\"datePublished\":\"2022-05-26T20:21:35+00:00\",\"dateModified\":\"2022-05-27T18:04:21+00:00\",\"author\":{\"@id\":\"https:\/\/hastaencontrarles.com\/#\/schema\/person\/1fc59792049ecbad1d6663c57d0535e5\"},\"description\":\"No todos los desaparecidos est\u00e1n vivos. Sus familias han salido a mover el cielo para encontrarles. Elevan una oraci\u00f3n cuando lo logran.\",\"breadcrumb\":{\"@id\":\"https:\/\/hastaencontrarles.com\/2022\/05\/26\/la-construccion-de-la-memoria-a-traves-de-la-apropiacion-del-espacio-publico\/#breadcrumb\"},\"inLanguage\":\"en-US\",\"potentialAction\":[{\"@type\":\"ReadAction\",\"target\":[\"https:\/\/hastaencontrarles.com\/2022\/05\/26\/la-construccion-de-la-memoria-a-traves-de-la-apropiacion-del-espacio-publico\/\"]}]},{\"@type\":\"ImageObject\",\"inLanguage\":\"en-US\",\"@id\":\"https:\/\/hastaencontrarles.com\/2022\/05\/26\/la-construccion-de-la-memoria-a-traves-de-la-apropiacion-del-espacio-publico\/#primaryimage\",\"url\":\"https:\/\/hastaencontrarles.com\/wp-content\/uploads\/2022\/05\/Hast-Encontrarles-1600x800-1.jpg\",\"contentUrl\":\"https:\/\/hastaencontrarles.com\/wp-content\/uploads\/2022\/05\/Hast-Encontrarles-1600x800-1.jpg\",\"width\":1600,\"height\":800},{\"@type\":\"BreadcrumbList\",\"@id\":\"https:\/\/hastaencontrarles.com\/2022\/05\/26\/la-construccion-de-la-memoria-a-traves-de-la-apropiacion-del-espacio-publico\/#breadcrumb\",\"itemListElement\":[{\"@type\":\"ListItem\",\"position\":1,\"name\":\"Portada\",\"item\":\"https:\/\/hastaencontrarles.com\/\"},{\"@type\":\"ListItem\",\"position\":2,\"name\":\"La construcci\u00f3n de la memoria a trav\u00e9s de la apropiaci\u00f3n del espacio p\u00fablico\"}]},{\"@type\":\"WebSite\",\"@id\":\"https:\/\/hastaencontrarles.com\/#website\",\"url\":\"https:\/\/hastaencontrarles.com\/\",\"name\":\"Hasta Encontrarles\",\"description\":\"Aqu\u00ed yace la memoria de miles de desaparecidos en Sinaloa.\",\"potentialAction\":[{\"@type\":\"SearchAction\",\"target\":{\"@type\":\"EntryPoint\",\"urlTemplate\":\"https:\/\/hastaencontrarles.com\/?s={search_term_string}\"},\"query-input\":{\"@type\":\"PropertyValueSpecification\",\"valueRequired\":true,\"valueName\":\"search_term_string\"}}],\"inLanguage\":\"en-US\"},{\"@type\":\"Person\",\"@id\":\"https:\/\/hastaencontrarles.com\/#\/schema\/person\/1fc59792049ecbad1d6663c57d0535e5\",\"name\":\"espejo\",\"image\":{\"@type\":\"ImageObject\",\"inLanguage\":\"en-US\",\"@id\":\"https:\/\/hastaencontrarles.com\/#\/schema\/person\/image\/\",\"url\":\"https:\/\/secure.gravatar.com\/avatar\/00ae54a6fcfad58919659ef5bf3df2ac2a3021bccae0d466151ae57000b2dcd6?s=96&d=mm&r=g\",\"contentUrl\":\"https:\/\/secure.gravatar.com\/avatar\/00ae54a6fcfad58919659ef5bf3df2ac2a3021bccae0d466151ae57000b2dcd6?s=96&d=mm&r=g\",\"caption\":\"espejo\"},\"url\":\"https:\/\/hastaencontrarles.com\/eng\/author\/espejo\/\"}]}<\/script>\n<!-- \/ Yoast SEO plugin. -->","yoast_head_json":{"title":"La construcci\u00f3n de la memoria a trav\u00e9s de la apropiaci\u00f3n del espacio p\u00fablico - Hasta Encontrarles","description":"No todos los desaparecidos est\u00e1n vivos. Sus familias han salido a mover el cielo para encontrarles. Elevan una oraci\u00f3n cuando lo logran.","robots":{"index":"index","follow":"follow","max-snippet":"max-snippet:-1","max-image-preview":"max-image-preview:large","max-video-preview":"max-video-preview:-1"},"canonical":"https:\/\/hastaencontrarles.com\/eng\/2022\/05\/26\/la-construccion-de-la-memoria-a-traves-de-la-apropiacion-del-espacio-publico\/","og_locale":"en_US","og_type":"article","og_title":"La construcci\u00f3n de la memoria a trav\u00e9s de la apropiaci\u00f3n del espacio p\u00fablico - Hasta Encontrarles","og_description":"No todos los desaparecidos est\u00e1n vivos. Sus familias han salido a mover el cielo para encontrarles. Elevan una oraci\u00f3n cuando lo logran.","og_url":"https:\/\/hastaencontrarles.com\/eng\/2022\/05\/26\/la-construccion-de-la-memoria-a-traves-de-la-apropiacion-del-espacio-publico\/","og_site_name":"Hasta Encontrarles","article_published_time":"2022-05-26T20:21:35+00:00","article_modified_time":"2022-05-27T18:04:21+00:00","og_image":[{"width":1600,"height":800,"url":"https:\/\/hastaencontrarles.com\/wp-content\/uploads\/2022\/05\/Hast-Encontrarles-1600x800-1.jpg","type":"image\/jpeg"}],"author":"espejo","twitter_card":"summary_large_image","twitter_misc":{"Written by":"espejo","Est. reading time":"9 minutes"},"schema":{"@context":"https:\/\/schema.org","@graph":[{"@type":"WebPage","@id":"https:\/\/hastaencontrarles.com\/2022\/05\/26\/la-construccion-de-la-memoria-a-traves-de-la-apropiacion-del-espacio-publico\/","url":"https:\/\/hastaencontrarles.com\/2022\/05\/26\/la-construccion-de-la-memoria-a-traves-de-la-apropiacion-del-espacio-publico\/","name":"La construcci\u00f3n de la memoria a trav\u00e9s de la apropiaci\u00f3n del espacio p\u00fablico - Hasta Encontrarles","isPartOf":{"@id":"https:\/\/hastaencontrarles.com\/#website"},"primaryImageOfPage":{"@id":"https:\/\/hastaencontrarles.com\/2022\/05\/26\/la-construccion-de-la-memoria-a-traves-de-la-apropiacion-del-espacio-publico\/#primaryimage"},"image":{"@id":"https:\/\/hastaencontrarles.com\/2022\/05\/26\/la-construccion-de-la-memoria-a-traves-de-la-apropiacion-del-espacio-publico\/#primaryimage"},"thumbnailUrl":"https:\/\/hastaencontrarles.com\/wp-content\/uploads\/2022\/05\/Hast-Encontrarles-1600x800-1.jpg","datePublished":"2022-05-26T20:21:35+00:00","dateModified":"2022-05-27T18:04:21+00:00","author":{"@id":"https:\/\/hastaencontrarles.com\/#\/schema\/person\/1fc59792049ecbad1d6663c57d0535e5"},"description":"No todos los desaparecidos est\u00e1n vivos. Sus familias han salido a mover el cielo para encontrarles. Elevan una oraci\u00f3n cuando lo logran.","breadcrumb":{"@id":"https:\/\/hastaencontrarles.com\/2022\/05\/26\/la-construccion-de-la-memoria-a-traves-de-la-apropiacion-del-espacio-publico\/#breadcrumb"},"inLanguage":"en-US","potentialAction":[{"@type":"ReadAction","target":["https:\/\/hastaencontrarles.com\/2022\/05\/26\/la-construccion-de-la-memoria-a-traves-de-la-apropiacion-del-espacio-publico\/"]}]},{"@type":"ImageObject","inLanguage":"en-US","@id":"https:\/\/hastaencontrarles.com\/2022\/05\/26\/la-construccion-de-la-memoria-a-traves-de-la-apropiacion-del-espacio-publico\/#primaryimage","url":"https:\/\/hastaencontrarles.com\/wp-content\/uploads\/2022\/05\/Hast-Encontrarles-1600x800-1.jpg","contentUrl":"https:\/\/hastaencontrarles.com\/wp-content\/uploads\/2022\/05\/Hast-Encontrarles-1600x800-1.jpg","width":1600,"height":800},{"@type":"BreadcrumbList","@id":"https:\/\/hastaencontrarles.com\/2022\/05\/26\/la-construccion-de-la-memoria-a-traves-de-la-apropiacion-del-espacio-publico\/#breadcrumb","itemListElement":[{"@type":"ListItem","position":1,"name":"Portada","item":"https:\/\/hastaencontrarles.com\/"},{"@type":"ListItem","position":2,"name":"La construcci\u00f3n de la memoria a trav\u00e9s de la apropiaci\u00f3n del espacio p\u00fablico"}]},{"@type":"WebSite","@id":"https:\/\/hastaencontrarles.com\/#website","url":"https:\/\/hastaencontrarles.com\/","name":"Hasta Encontrarles","description":"Aqu\u00ed yace la memoria de miles de desaparecidos en Sinaloa.","potentialAction":[{"@type":"SearchAction","target":{"@type":"EntryPoint","urlTemplate":"https:\/\/hastaencontrarles.com\/?s={search_term_string}"},"query-input":{"@type":"PropertyValueSpecification","valueRequired":true,"valueName":"search_term_string"}}],"inLanguage":"en-US"},{"@type":"Person","@id":"https:\/\/hastaencontrarles.com\/#\/schema\/person\/1fc59792049ecbad1d6663c57d0535e5","name":"espejo","image":{"@type":"ImageObject","inLanguage":"en-US","@id":"https:\/\/hastaencontrarles.com\/#\/schema\/person\/image\/","url":"https:\/\/secure.gravatar.com\/avatar\/00ae54a6fcfad58919659ef5bf3df2ac2a3021bccae0d466151ae57000b2dcd6?s=96&d=mm&r=g","contentUrl":"https:\/\/secure.gravatar.com\/avatar\/00ae54a6fcfad58919659ef5bf3df2ac2a3021bccae0d466151ae57000b2dcd6?s=96&d=mm&r=g","caption":"espejo"},"url":"https:\/\/hastaencontrarles.com\/eng\/author\/espejo\/"}]}},"_links":{"self":[{"href":"https:\/\/hastaencontrarles.com\/eng\/wp-json\/wp\/v2\/posts\/1024","targetHints":{"allow":["GET"]}}],"collection":[{"href":"https:\/\/hastaencontrarles.com\/eng\/wp-json\/wp\/v2\/posts"}],"about":[{"href":"https:\/\/hastaencontrarles.com\/eng\/wp-json\/wp\/v2\/types\/post"}],"author":[{"embeddable":true,"href":"https:\/\/hastaencontrarles.com\/eng\/wp-json\/wp\/v2\/users\/2"}],"replies":[{"embeddable":true,"href":"https:\/\/hastaencontrarles.com\/eng\/wp-json\/wp\/v2\/comments?post=1024"}],"version-history":[{"count":14,"href":"https:\/\/hastaencontrarles.com\/eng\/wp-json\/wp\/v2\/posts\/1024\/revisions"}],"predecessor-version":[{"id":1040,"href":"https:\/\/hastaencontrarles.com\/eng\/wp-json\/wp\/v2\/posts\/1024\/revisions\/1040"}],"wp:featuredmedia":[{"embeddable":true,"href":"https:\/\/hastaencontrarles.com\/eng\/wp-json\/wp\/v2\/media\/1026"}],"wp:attachment":[{"href":"https:\/\/hastaencontrarles.com\/eng\/wp-json\/wp\/v2\/media?parent=1024"}],"wp:term":[{"taxonomy":"category","embeddable":true,"href":"https:\/\/hastaencontrarles.com\/eng\/wp-json\/wp\/v2\/categories?post=1024"},{"taxonomy":"post_tag","embeddable":true,"href":"https:\/\/hastaencontrarles.com\/eng\/wp-json\/wp\/v2\/tags?post=1024"}],"curies":[{"name":"wp","href":"https:\/\/api.w.org\/{rel}","templated":true}]}}