{"id":1207,"date":"2022-12-24T12:58:49","date_gmt":"2022-12-24T19:58:49","guid":{"rendered":"https:\/\/hastaencontrarles.com\/?p=1207"},"modified":"2022-12-24T13:02:16","modified_gmt":"2022-12-24T20:02:16","slug":"que-mi-tio-regrese-a-casa-las-infancias-de-los-desaparecidos-en-sinaloa","status":"publish","type":"post","link":"https:\/\/hastaencontrarles.com\/eng\/2022\/12\/24\/que-mi-tio-regrese-a-casa-las-infancias-de-los-desaparecidos-en-sinaloa\/","title":{"rendered":"\u201cQue mi t\u00edo regrese a casa\u201d: las infancias de los desaparecidos en Sinaloa"},"content":{"rendered":"<div data-elementor-type=\"wp-post\" data-elementor-id=\"1207\" class=\"elementor elementor-1207\">\n\t\t\t\t\t\t<section class=\"elementor-section elementor-top-section elementor-element elementor-element-73ec39c elementor-section-full_width elementor-section-stretched elementor-section-height-default elementor-section-height-default\" data-id=\"73ec39c\" data-element_type=\"section\" data-settings=\"{&quot;stretch_section&quot;:&quot;section-stretched&quot;,&quot;jet_parallax_layout_list&quot;:[{&quot;jet_parallax_layout_image&quot;:{&quot;url&quot;:&quot;&quot;,&quot;id&quot;:&quot;&quot;,&quot;size&quot;:&quot;&quot;},&quot;_id&quot;:&quot;2ad95ed&quot;,&quot;jet_parallax_layout_image_tablet&quot;:{&quot;url&quot;:&quot;&quot;,&quot;id&quot;:&quot;&quot;,&quot;size&quot;:&quot;&quot;},&quot;jet_parallax_layout_image_mobile&quot;:{&quot;url&quot;:&quot;&quot;,&quot;id&quot;:&quot;&quot;,&quot;size&quot;:&quot;&quot;},&quot;jet_parallax_layout_speed&quot;:{&quot;unit&quot;:&quot;%&quot;,&quot;size&quot;:50,&quot;sizes&quot;:[]},&quot;jet_parallax_layout_type&quot;:&quot;scroll&quot;,&quot;jet_parallax_layout_direction&quot;:&quot;1&quot;,&quot;jet_parallax_layout_fx_direction&quot;:null,&quot;jet_parallax_layout_z_index&quot;:&quot;&quot;,&quot;jet_parallax_layout_bg_x&quot;:50,&quot;jet_parallax_layout_bg_x_tablet&quot;:&quot;&quot;,&quot;jet_parallax_layout_bg_x_mobile&quot;:&quot;&quot;,&quot;jet_parallax_layout_bg_y&quot;:50,&quot;jet_parallax_layout_bg_y_tablet&quot;:&quot;&quot;,&quot;jet_parallax_layout_bg_y_mobile&quot;:&quot;&quot;,&quot;jet_parallax_layout_bg_size&quot;:&quot;auto&quot;,&quot;jet_parallax_layout_bg_size_tablet&quot;:&quot;&quot;,&quot;jet_parallax_layout_bg_size_mobile&quot;:&quot;&quot;,&quot;jet_parallax_layout_animation_prop&quot;:&quot;transform&quot;,&quot;jet_parallax_layout_on&quot;:[&quot;desktop&quot;,&quot;tablet&quot;]}],&quot;background_background&quot;:&quot;classic&quot;}\">\n\t\t\t\t\t\t\t<div class=\"elementor-background-overlay\"><\/div>\n\t\t\t\t\t\t\t<div class=\"elementor-container elementor-column-gap-default\">\n\t\t\t\t\t<div class=\"elementor-column elementor-col-100 elementor-top-column elementor-element elementor-element-e2e2e37\" data-id=\"e2e2e37\" data-element_type=\"column\" data-settings=\"{&quot;background_background&quot;:&quot;classic&quot;}\">\n\t\t\t<div class=\"elementor-widget-wrap elementor-element-populated\">\n\t\t\t\t\t\t<div class=\"elementor-element elementor-element-fd92d1f elementor-widget elementor-widget-heading\" data-id=\"fd92d1f\" data-element_type=\"widget\" data-widget_type=\"heading.default\">\n\t\t\t\t\t<h2 class=\"elementor-heading-title elementor-size-default\">\u201cQue mi t\u00edo regrese a casa\u201d: los deseos de las infancias de los desaparecidos en Sinaloa<\/h2>\t\t\t\t<\/div>\n\t\t\t\t<div class=\"elementor-element elementor-element-048a899 elementor-widget elementor-widget-text-editor\" data-id=\"048a899\" data-element_type=\"widget\" data-widget_type=\"text-editor.default\">\n\t\t\t\t\t\t\t\t\t<p>Estas cartas son actos de fe que aprendieron de sus madres, hermanas, t\u00edas y abuelas que tampoco quieren buscar m\u00e1s en los bosques o que sus hijas e hijos sigan buscando desaparecidos en Sinaloa.<br \/><br \/>Por: Scarlett Nordahl*<\/p>\t\t\t\t\t\t\t\t<\/div>\n\t\t\t\t\t<\/div>\n\t\t<\/div>\n\t\t\t\t\t<\/div>\n\t\t<\/section>\n\t\t\t\t<section class=\"elementor-section elementor-top-section elementor-element elementor-element-7ed522e elementor-section-full_width elementor-section-stretched elementor-section-height-default elementor-section-height-default\" data-id=\"7ed522e\" data-element_type=\"section\" data-settings=\"{&quot;stretch_section&quot;:&quot;section-stretched&quot;,&quot;jet_parallax_layout_list&quot;:[{&quot;jet_parallax_layout_image&quot;:{&quot;url&quot;:&quot;&quot;,&quot;id&quot;:&quot;&quot;,&quot;size&quot;:&quot;&quot;},&quot;_id&quot;:&quot;53df846&quot;,&quot;jet_parallax_layout_image_tablet&quot;:{&quot;url&quot;:&quot;&quot;,&quot;id&quot;:&quot;&quot;,&quot;size&quot;:&quot;&quot;},&quot;jet_parallax_layout_image_mobile&quot;:{&quot;url&quot;:&quot;&quot;,&quot;id&quot;:&quot;&quot;,&quot;size&quot;:&quot;&quot;},&quot;jet_parallax_layout_speed&quot;:{&quot;unit&quot;:&quot;%&quot;,&quot;size&quot;:50,&quot;sizes&quot;:[]},&quot;jet_parallax_layout_type&quot;:&quot;scroll&quot;,&quot;jet_parallax_layout_direction&quot;:&quot;1&quot;,&quot;jet_parallax_layout_fx_direction&quot;:null,&quot;jet_parallax_layout_z_index&quot;:&quot;&quot;,&quot;jet_parallax_layout_bg_x&quot;:50,&quot;jet_parallax_layout_bg_x_tablet&quot;:&quot;&quot;,&quot;jet_parallax_layout_bg_x_mobile&quot;:&quot;&quot;,&quot;jet_parallax_layout_bg_y&quot;:50,&quot;jet_parallax_layout_bg_y_tablet&quot;:&quot;&quot;,&quot;jet_parallax_layout_bg_y_mobile&quot;:&quot;&quot;,&quot;jet_parallax_layout_bg_size&quot;:&quot;auto&quot;,&quot;jet_parallax_layout_bg_size_tablet&quot;:&quot;&quot;,&quot;jet_parallax_layout_bg_size_mobile&quot;:&quot;&quot;,&quot;jet_parallax_layout_animation_prop&quot;:&quot;transform&quot;,&quot;jet_parallax_layout_on&quot;:[&quot;desktop&quot;,&quot;tablet&quot;]}],&quot;background_background&quot;:&quot;classic&quot;}\">\n\t\t\t\t\t\t\t<div class=\"elementor-background-overlay\"><\/div>\n\t\t\t\t\t\t\t<div class=\"elementor-container elementor-column-gap-default\">\n\t\t\t\t\t<div class=\"elementor-column elementor-col-100 elementor-top-column elementor-element elementor-element-3d3c002\" data-id=\"3d3c002\" data-element_type=\"column\">\n\t\t\t<div class=\"elementor-widget-wrap\">\n\t\t\t\t\t\t\t<\/div>\n\t\t<\/div>\n\t\t\t\t\t<\/div>\n\t\t<\/section>\n\t\t\t\t<section class=\"elementor-section elementor-top-section elementor-element elementor-element-a87a158 elementor-section-stretched elementor-section-boxed elementor-section-height-default elementor-section-height-default\" data-id=\"a87a158\" data-element_type=\"section\" data-settings=\"{&quot;stretch_section&quot;:&quot;section-stretched&quot;,&quot;jet_parallax_layout_list&quot;:[{&quot;jet_parallax_layout_image&quot;:{&quot;url&quot;:&quot;&quot;,&quot;id&quot;:&quot;&quot;,&quot;size&quot;:&quot;&quot;},&quot;_id&quot;:&quot;cdbc421&quot;,&quot;jet_parallax_layout_image_tablet&quot;:{&quot;url&quot;:&quot;&quot;,&quot;id&quot;:&quot;&quot;,&quot;size&quot;:&quot;&quot;},&quot;jet_parallax_layout_image_mobile&quot;:{&quot;url&quot;:&quot;&quot;,&quot;id&quot;:&quot;&quot;,&quot;size&quot;:&quot;&quot;},&quot;jet_parallax_layout_speed&quot;:{&quot;unit&quot;:&quot;%&quot;,&quot;size&quot;:50,&quot;sizes&quot;:[]},&quot;jet_parallax_layout_type&quot;:&quot;scroll&quot;,&quot;jet_parallax_layout_direction&quot;:&quot;1&quot;,&quot;jet_parallax_layout_fx_direction&quot;:null,&quot;jet_parallax_layout_z_index&quot;:&quot;&quot;,&quot;jet_parallax_layout_bg_x&quot;:50,&quot;jet_parallax_layout_bg_x_tablet&quot;:&quot;&quot;,&quot;jet_parallax_layout_bg_x_mobile&quot;:&quot;&quot;,&quot;jet_parallax_layout_bg_y&quot;:50,&quot;jet_parallax_layout_bg_y_tablet&quot;:&quot;&quot;,&quot;jet_parallax_layout_bg_y_mobile&quot;:&quot;&quot;,&quot;jet_parallax_layout_bg_size&quot;:&quot;auto&quot;,&quot;jet_parallax_layout_bg_size_tablet&quot;:&quot;&quot;,&quot;jet_parallax_layout_bg_size_mobile&quot;:&quot;&quot;,&quot;jet_parallax_layout_animation_prop&quot;:&quot;transform&quot;,&quot;jet_parallax_layout_on&quot;:[&quot;desktop&quot;,&quot;tablet&quot;]}]}\">\n\t\t\t\t\t\t\t<div class=\"elementor-background-overlay\"><\/div>\n\t\t\t\t\t\t\t<div class=\"elementor-container elementor-column-gap-default\">\n\t\t\t\t\t<div class=\"elementor-column elementor-col-100 elementor-top-column elementor-element elementor-element-0de75ed\" data-id=\"0de75ed\" data-element_type=\"column\">\n\t\t\t<div class=\"elementor-widget-wrap elementor-element-populated\">\n\t\t\t\t\t\t<div class=\"elementor-element elementor-element-5e94bdb elementor-widget elementor-widget-text-editor\" data-id=\"5e94bdb\" data-element_type=\"widget\" data-widget_type=\"text-editor.default\">\n\t\t\t\t\t\t\t\t\t<p>\u00bfT\u00fa que pedir\u00edas esta Navidad si un familiar se encontrara desaparecido? Las infancias lo tienen claro: piden felicidad y, as\u00ed, que regresen sus t\u00edos, padres y hermanos. Son los deseos de las infancias de los desaparecidos.<\/p>\n<div class=\"wp-block-image\">\n<figure class=\"aligncenter size-large\"><img fetchpriority=\"high\" decoding=\"async\" class=\"wp-image-222922\" src=\"https:\/\/revistaespejo.com\/wp-content\/uploads\/2022\/12\/WhatsApp-Image-2022-12-03-at-10.31.53-714x900.jpeg\" sizes=\"(max-width: 714px) 100vw, 714px\" srcset=\"https:\/\/revistaespejo.com\/wp-content\/uploads\/2022\/12\/WhatsApp-Image-2022-12-03-at-10.31.53-714x900.jpeg 714w, https:\/\/revistaespejo.com\/wp-content\/uploads\/2022\/12\/WhatsApp-Image-2022-12-03-at-10.31.53-238x300.jpeg 238w, https:\/\/revistaespejo.com\/wp-content\/uploads\/2022\/12\/WhatsApp-Image-2022-12-03-at-10.31.53-768x968.jpeg 768w, https:\/\/revistaespejo.com\/wp-content\/uploads\/2022\/12\/WhatsApp-Image-2022-12-03-at-10.31.53-1218x1536.jpeg 1218w, https:\/\/revistaespejo.com\/wp-content\/uploads\/2022\/12\/WhatsApp-Image-2022-12-03-at-10.31.53.jpeg 1269w\" alt=\"\" width=\"714\" height=\"900\"><\/figure>\n<\/div>\n<p class=\"has-text-align-center\"><em>Querido Santa. Hoy quiero pedirte que que venga mi t\u00edo Alex, porque es muy importante en mi vida, es como mi pap\u00e1 porque no tengo pap\u00e1. \u00c9l jugaba conmigo, me compr\u00f3 mi primer brincol\u00edn y muchas cosas m\u00e1s. Yo deseo que aparezca pronto para que mi abuela vuelva a festejar la navidad y ya no llore porque me pone triste que llore y que vaya al bosque a buscarlo porque me da miedo que se pierda ella tambi\u00e9n. Tengo mucho miedo, no quiero ser grande y que mi mam\u00e1 no me encuentre.<\/em><\/p>\n<p><em>Atte: Alejandrito<\/em><\/p>\n<p>Esta es una de las seis cartas que #HastaEncontrarles y Revista ESPEJO recogi\u00f3 desde distintos&nbsp;<a href=\"https:\/\/revistaespejo.com\/2022\/12\/21\/las-infancias-tambien-buscan-a-personas-desaparecidas\/\" target=\"_blank\">colectivos de b\u00fasqueda de personas desaparecidas en Sinaloa<\/a>.<\/p>\n<p>Aqu\u00ed han sido desaparecidas 12 mil 250 personas, y de ellas hay 5 mil 659 personas que siguen sin ser localizadas, mientras que mil 270 fueron halladas sin vida y otras 5 mil 321 fueron localizadas con vida.<\/p>\n<p>Es decir, as\u00ed como Alejandrito, habr\u00e1 por lo menos 5 mil 659 ni\u00f1as y ni\u00f1os que en sus cartas podr\u00edan pedir por sus familiares que siguen sin ser localizados.<\/p>\n<div class=\"wp-block-image\">\n<figure class=\"aligncenter size-large\"><img decoding=\"async\" class=\"wp-image-222926\" src=\"https:\/\/revistaespejo.com\/wp-content\/uploads\/2022\/12\/WhatsApp-Image-2022-12-03-at-20.51.58-2-676x900.jpeg\" sizes=\"(max-width: 676px) 100vw, 676px\" srcset=\"https:\/\/revistaespejo.com\/wp-content\/uploads\/2022\/12\/WhatsApp-Image-2022-12-03-at-20.51.58-2-676x900.jpeg 676w, https:\/\/revistaespejo.com\/wp-content\/uploads\/2022\/12\/WhatsApp-Image-2022-12-03-at-20.51.58-2-225x300.jpeg 225w, https:\/\/revistaespejo.com\/wp-content\/uploads\/2022\/12\/WhatsApp-Image-2022-12-03-at-20.51.58-2-768x1023.jpeg 768w, https:\/\/revistaespejo.com\/wp-content\/uploads\/2022\/12\/WhatsApp-Image-2022-12-03-at-20.51.58-2-1153x1536.jpeg 1153w, https:\/\/revistaespejo.com\/wp-content\/uploads\/2022\/12\/WhatsApp-Image-2022-12-03-at-20.51.58-2.jpeg 1201w\" alt=\"\" width=\"676\" height=\"900\"><\/figure>\n<\/div>\n<p class=\"has-text-align-center\"><em>Querido Santa, yo solo te pido una cosa, nom\u00e1s quiero de regreso a mi pap\u00e1 Bladimir porque lo extra\u00f1o mucho<\/em><\/p>\n<p>La Navidad es una tradici\u00f3n religiosa que la celebra el 77 por ciento de la poblaci\u00f3n mundial, lo que quiere decir que en diciembre hay millones de ni\u00f1as y ni\u00f1os, as\u00ed como personas adultas que toman los \u00faltimos d\u00edas de diciembre para pensar en regalos, fiestas, reuniones, brindis, oraciones y declarar deseos en cualquier sentido positivo.<\/p>\n<p>Estas cartas reflejan lo mismo, pero con el&nbsp;<a href=\"https:\/\/hastaencontrarles.com\/eng\/2020\/09\/04\/una-oracion-por-los-desaparecidos\/\" target=\"_blank\">dolor descrito por ni\u00f1as y ni\u00f1os que tienen a un familiar desaparecido<\/a>.<\/p>\n<p><div id='gallery-1' class='gallery galleryid-1207 gallery-columns-3 gallery-size-full'><figure class='gallery-item'>\n\t\t\t<div class='gallery-icon portrait'>\n\t\t\t\t<a href='https:\/\/hastaencontrarles.com\/wp-content\/uploads\/2022\/12\/WhatsApp-Image-2022-12-03-at-10.31.53.jpeg'><img decoding=\"async\" width=\"1269\" height=\"1600\" src=\"https:\/\/hastaencontrarles.com\/wp-content\/uploads\/2022\/12\/WhatsApp-Image-2022-12-03-at-10.31.53.jpeg\" class=\"attachment-full size-full\" alt=\"\" srcset=\"https:\/\/hastaencontrarles.com\/wp-content\/uploads\/2022\/12\/WhatsApp-Image-2022-12-03-at-10.31.53.jpeg 1269w, https:\/\/hastaencontrarles.com\/wp-content\/uploads\/2022\/12\/WhatsApp-Image-2022-12-03-at-10.31.53-238x300.jpeg 238w, https:\/\/hastaencontrarles.com\/wp-content\/uploads\/2022\/12\/WhatsApp-Image-2022-12-03-at-10.31.53-812x1024.jpeg 812w, https:\/\/hastaencontrarles.com\/wp-content\/uploads\/2022\/12\/WhatsApp-Image-2022-12-03-at-10.31.53-768x968.jpeg 768w, https:\/\/hastaencontrarles.com\/wp-content\/uploads\/2022\/12\/WhatsApp-Image-2022-12-03-at-10.31.53-1218x1536.jpeg 1218w, https:\/\/hastaencontrarles.com\/wp-content\/uploads\/2022\/12\/WhatsApp-Image-2022-12-03-at-10.31.53-10x12.jpeg 10w\" sizes=\"(max-width: 1269px) 100vw, 1269px\" \/><\/a>\n\t\t\t<\/div><\/figure><figure class='gallery-item'>\n\t\t\t<div class='gallery-icon portrait'>\n\t\t\t\t<a href='https:\/\/hastaencontrarles.com\/wp-content\/uploads\/2022\/12\/WhatsApp-Image-2022-12-03-at-07.48.36.jpeg'><img loading=\"lazy\" decoding=\"async\" width=\"1200\" height=\"1600\" src=\"https:\/\/hastaencontrarles.com\/wp-content\/uploads\/2022\/12\/WhatsApp-Image-2022-12-03-at-07.48.36.jpeg\" class=\"attachment-full size-full\" alt=\"\" srcset=\"https:\/\/hastaencontrarles.com\/wp-content\/uploads\/2022\/12\/WhatsApp-Image-2022-12-03-at-07.48.36.jpeg 1200w, https:\/\/hastaencontrarles.com\/wp-content\/uploads\/2022\/12\/WhatsApp-Image-2022-12-03-at-07.48.36-225x300.jpeg 225w, https:\/\/hastaencontrarles.com\/wp-content\/uploads\/2022\/12\/WhatsApp-Image-2022-12-03-at-07.48.36-768x1024.jpeg 768w, https:\/\/hastaencontrarles.com\/wp-content\/uploads\/2022\/12\/WhatsApp-Image-2022-12-03-at-07.48.36-1152x1536.jpeg 1152w, https:\/\/hastaencontrarles.com\/wp-content\/uploads\/2022\/12\/WhatsApp-Image-2022-12-03-at-07.48.36-9x12.jpeg 9w\" sizes=\"(max-width: 1200px) 100vw, 1200px\" \/><\/a>\n\t\t\t<\/div><\/figure><figure class='gallery-item'>\n\t\t\t<div class='gallery-icon portrait'>\n\t\t\t\t<a href='https:\/\/hastaencontrarles.com\/wp-content\/uploads\/2022\/12\/WhatsApp-Image-2022-12-03-at-20.51.58-3.jpeg'><img loading=\"lazy\" decoding=\"async\" width=\"899\" height=\"1599\" src=\"https:\/\/hastaencontrarles.com\/wp-content\/uploads\/2022\/12\/WhatsApp-Image-2022-12-03-at-20.51.58-3.jpeg\" class=\"attachment-full size-full\" alt=\"\" srcset=\"https:\/\/hastaencontrarles.com\/wp-content\/uploads\/2022\/12\/WhatsApp-Image-2022-12-03-at-20.51.58-3.jpeg 899w, https:\/\/hastaencontrarles.com\/wp-content\/uploads\/2022\/12\/WhatsApp-Image-2022-12-03-at-20.51.58-3-169x300.jpeg 169w, https:\/\/hastaencontrarles.com\/wp-content\/uploads\/2022\/12\/WhatsApp-Image-2022-12-03-at-20.51.58-3-576x1024.jpeg 576w, https:\/\/hastaencontrarles.com\/wp-content\/uploads\/2022\/12\/WhatsApp-Image-2022-12-03-at-20.51.58-3-768x1366.jpeg 768w, https:\/\/hastaencontrarles.com\/wp-content\/uploads\/2022\/12\/WhatsApp-Image-2022-12-03-at-20.51.58-3-864x1536.jpeg 864w, https:\/\/hastaencontrarles.com\/wp-content\/uploads\/2022\/12\/WhatsApp-Image-2022-12-03-at-20.51.58-3-7x12.jpeg 7w\" sizes=\"(max-width: 899px) 100vw, 899px\" \/><\/a>\n\t\t\t<\/div><\/figure>\n\t\t<\/div>\n<\/p>\n<p>Estas cartas se volvieron una manera de buscar a las personas desaparecidas en Sinaloa, se trata de la esperanza que sostiene a centenas de familias con el sue\u00f1o de volver a verles.<\/p>\n<p>Son actos de fe de las infancias de los desaparecidos en Sinaloa que aprendieron de sus madres, hermanas, t\u00edas y abuelas que tampoco quieren buscar m\u00e1s en los bosques o que sus hijas e hijos sigan buscando desaparecidos.<\/p>\n<p>Por eso,&nbsp;<a href=\"https:\/\/hastaencontrarles.com\/eng\/2022\/08\/09\/trazar-el-mapa-de-la-barbarie-en-el-corazon-de-mazatlan\/\" target=\"_blank\">cada vez que las buscadoras encuentran<\/a>&nbsp;a una persona desaparecida en fosas clandestinas se toman de las manos y comienzan un ritual.<\/p>\n<p><strong>They pray&nbsp;<\/strong>for the person who is before them, praying that they find peace.<\/p>\n<p><strong>They pray<\/strong>&nbsp;for the person\u2019s soul, and for those of their still missing family members.&nbsp;<\/p>\n<p><strong>They give thanks<\/strong>&nbsp;for the anonymous informants.<\/p>\n<p><strong>They pray<\/strong>&nbsp;that the pain, the anguish, the despair, the hopelessness will be lifted.<\/p>\n<p><strong>They reflect<\/strong>&nbsp;on their lives and the death before them.<\/p>\n<p><strong>They hug, and then they do the thing that requires the most faith:<\/strong>&nbsp;they leave the body in the hands of the police and investigators.<\/p>\n<p><em>\u201cWe know you are here, we know that your energy is going to return to your family, that they are going to take you. We hope that when they take you, you go with them, and that you are no longer alone here in this wilderness, and that you will help us to find our missing, just as we found you. Every one of us wishes with all our heart to find our missing, and may it be soon, because we are tired of this journey and we ask you to guide us. Until they are found, let it be so. May God take you into his light in heaven. Because they were taken alive, and alive we want them back.\u201d<\/em><\/p>\n<p>\u2013 Mar\u00eda Isabel Cruz Bernal, busca a su hijo Yosimar Garc\u00eda Cruz, polic\u00eda municipal de Culiac\u00e1n desaparecido el 26 de enero de 2017.<\/p>\n<p class=\"has-text-align-right\" style=\"text-align: right;\"><strong>Con informaci\u00f3n de M\u00e1rcos Vizcarra<\/strong><\/p>\n<p class=\"has-text-align-center\" style=\"text-align: center;\">&nbsp;***<\/p>\n<p class=\"has-text-align-center\" style=\"text-align: center;\"><em>*Scarlett Nordahl es feminista y periodista sinaloense. Investigadora para el proyecto #HastaEncontrarles, corresponsal en Mazatl\u00e1n para Los Noticieristas y colaboradora de Revista ESPEJO.<\/em><\/p>\n<p class=\"has-text-align-center\" style=\"text-align: center;\"><em>Este trabajo fue realizado para Global Organized Crime Index (https:\/\/ocindex.net\/) y Global Initiative Against Transnational Organized Crime (GITOC)<\/em><\/p>\t\t\t\t\t\t\t\t<\/div>\n\t\t\t\t\t<\/div>\n\t\t<\/div>\n\t\t\t\t\t<\/div>\n\t\t<\/section>\n\t\t\t\t<\/div>","protected":false},"excerpt":{"rendered":"<p>Estas cartas son actos de fe que aprendieron de sus madres, hermanas, t\u00edas y abuelas que tampoco quieren buscar m\u00e1s en los bosques o que sus hijas e hijos sigan buscando desaparecidos en Sinaloa.<\/p>","protected":false},"author":2,"featured_media":1214,"comment_status":"open","ping_status":"open","sticky":false,"template":"","format":"standard","meta":{"_acf_changed":false,"footnotes":""},"categories":[19,5],"tags":[28,47,48],"class_list":["post-1207","post","type-post","status-publish","format-standard","has-post-thumbnail","hentry","category-historias","category-principal","tag-desaparecidos-en-sinaloa","tag-infancias-de-los-desaparecidos","tag-navidad"],"acf":[],"yoast_head":"<!-- This site is optimized with the Yoast SEO plugin v26.1.1 - https:\/\/yoast.com\/wordpress\/plugins\/seo\/ -->\n<title>Los deseos de las infancias de los desaparecidos en Sinaloa<\/title>\n<meta name=\"description\" content=\"Estas cartas son actos de fe que aprendieron de sus madres, hermanas, t\u00edas y abuelas que tampoco quieren buscar m\u00e1s en los bosques o que sus hijas e hijos sigan buscando desaparecidos en Sinaloa.\" \/>\n<meta name=\"robots\" content=\"index, follow, max-snippet:-1, max-image-preview:large, max-video-preview:-1\" \/>\n<link rel=\"canonical\" href=\"https:\/\/hastaencontrarles.com\/eng\/2022\/12\/24\/que-mi-tio-regrese-a-casa-las-infancias-de-los-desaparecidos-en-sinaloa\/\" \/>\n<meta property=\"og:locale\" content=\"en_US\" \/>\n<meta property=\"og:type\" content=\"article\" \/>\n<meta property=\"og:title\" content=\"Los deseos de las infancias de los desaparecidos en Sinaloa\" \/>\n<meta property=\"og:description\" content=\"Estas cartas son actos de fe que aprendieron de sus madres, hermanas, t\u00edas y abuelas que tampoco quieren buscar m\u00e1s en los bosques o que sus hijas e hijos sigan buscando desaparecidos en Sinaloa.\" \/>\n<meta property=\"og:url\" content=\"https:\/\/hastaencontrarles.com\/eng\/2022\/12\/24\/que-mi-tio-regrese-a-casa-las-infancias-de-los-desaparecidos-en-sinaloa\/\" \/>\n<meta property=\"og:site_name\" content=\"Hasta Encontrarles\" \/>\n<meta property=\"article:published_time\" content=\"2022-12-24T19:58:49+00:00\" \/>\n<meta property=\"article:modified_time\" content=\"2022-12-24T20:02:16+00:00\" \/>\n<meta property=\"og:image\" content=\"https:\/\/hastaencontrarles.com\/wp-content\/uploads\/2022\/12\/Infancias-de-los-desaparecidos.png\" \/>\n\t<meta property=\"og:image:width\" content=\"662\" \/>\n\t<meta property=\"og:image:height\" content=\"463\" \/>\n\t<meta property=\"og:image:type\" content=\"image\/png\" \/>\n<meta name=\"author\" content=\"espejo\" \/>\n<meta name=\"twitter:card\" content=\"summary_large_image\" \/>\n<meta name=\"twitter:title\" content=\"Los deseos de las infancias de los desaparecidos en Sinaloa\" \/>\n<meta name=\"twitter:description\" content=\"Estas cartas son actos de fe que aprendieron de sus madres, hermanas, t\u00edas y abuelas que tampoco quieren buscar m\u00e1s en los bosques o que sus hijas e hijos sigan buscando desaparecidos en Sinaloa.\" \/>\n<meta name=\"twitter:image\" content=\"https:\/\/hastaencontrarles.com\/wp-content\/uploads\/2022\/12\/Infancias-de-los-desaparecidos.png\" \/>\n<meta name=\"twitter:label1\" content=\"Written by\" \/>\n\t<meta name=\"twitter:data1\" content=\"espejo\" \/>\n\t<meta name=\"twitter:label2\" content=\"Est. reading time\" \/>\n\t<meta name=\"twitter:data2\" content=\"4 minutes\" \/>\n<script type=\"application\/ld+json\" class=\"yoast-schema-graph\">{\"@context\":\"https:\/\/schema.org\",\"@graph\":[{\"@type\":\"WebPage\",\"@id\":\"https:\/\/hastaencontrarles.com\/2022\/12\/24\/que-mi-tio-regrese-a-casa-las-infancias-de-los-desaparecidos-en-sinaloa\/\",\"url\":\"https:\/\/hastaencontrarles.com\/2022\/12\/24\/que-mi-tio-regrese-a-casa-las-infancias-de-los-desaparecidos-en-sinaloa\/\",\"name\":\"Los deseos de las infancias de los desaparecidos en Sinaloa\",\"isPartOf\":{\"@id\":\"https:\/\/hastaencontrarles.com\/#website\"},\"primaryImageOfPage\":{\"@id\":\"https:\/\/hastaencontrarles.com\/2022\/12\/24\/que-mi-tio-regrese-a-casa-las-infancias-de-los-desaparecidos-en-sinaloa\/#primaryimage\"},\"image\":{\"@id\":\"https:\/\/hastaencontrarles.com\/2022\/12\/24\/que-mi-tio-regrese-a-casa-las-infancias-de-los-desaparecidos-en-sinaloa\/#primaryimage\"},\"thumbnailUrl\":\"https:\/\/hastaencontrarles.com\/wp-content\/uploads\/2022\/12\/Infancias-de-los-desaparecidos.png\",\"datePublished\":\"2022-12-24T19:58:49+00:00\",\"dateModified\":\"2022-12-24T20:02:16+00:00\",\"author\":{\"@id\":\"https:\/\/hastaencontrarles.com\/#\/schema\/person\/1fc59792049ecbad1d6663c57d0535e5\"},\"description\":\"Estas cartas son actos de fe que aprendieron de sus madres, hermanas, t\u00edas y abuelas que tampoco quieren buscar m\u00e1s en los bosques o que sus hijas e hijos sigan buscando desaparecidos en Sinaloa.\",\"breadcrumb\":{\"@id\":\"https:\/\/hastaencontrarles.com\/2022\/12\/24\/que-mi-tio-regrese-a-casa-las-infancias-de-los-desaparecidos-en-sinaloa\/#breadcrumb\"},\"inLanguage\":\"en-US\",\"potentialAction\":[{\"@type\":\"ReadAction\",\"target\":[\"https:\/\/hastaencontrarles.com\/2022\/12\/24\/que-mi-tio-regrese-a-casa-las-infancias-de-los-desaparecidos-en-sinaloa\/\"]}]},{\"@type\":\"ImageObject\",\"inLanguage\":\"en-US\",\"@id\":\"https:\/\/hastaencontrarles.com\/2022\/12\/24\/que-mi-tio-regrese-a-casa-las-infancias-de-los-desaparecidos-en-sinaloa\/#primaryimage\",\"url\":\"https:\/\/hastaencontrarles.com\/wp-content\/uploads\/2022\/12\/Infancias-de-los-desaparecidos.png\",\"contentUrl\":\"https:\/\/hastaencontrarles.com\/wp-content\/uploads\/2022\/12\/Infancias-de-los-desaparecidos.png\",\"width\":662,\"height\":463},{\"@type\":\"BreadcrumbList\",\"@id\":\"https:\/\/hastaencontrarles.com\/2022\/12\/24\/que-mi-tio-regrese-a-casa-las-infancias-de-los-desaparecidos-en-sinaloa\/#breadcrumb\",\"itemListElement\":[{\"@type\":\"ListItem\",\"position\":1,\"name\":\"Portada\",\"item\":\"https:\/\/hastaencontrarles.com\/\"},{\"@type\":\"ListItem\",\"position\":2,\"name\":\"\u201cQue mi t\u00edo regrese a casa\u201d: las infancias de los desaparecidos en Sinaloa\"}]},{\"@type\":\"WebSite\",\"@id\":\"https:\/\/hastaencontrarles.com\/#website\",\"url\":\"https:\/\/hastaencontrarles.com\/\",\"name\":\"Hasta Encontrarles\",\"description\":\"Aqu\u00ed yace la memoria de miles de desaparecidos en Sinaloa.\",\"potentialAction\":[{\"@type\":\"SearchAction\",\"target\":{\"@type\":\"EntryPoint\",\"urlTemplate\":\"https:\/\/hastaencontrarles.com\/?s={search_term_string}\"},\"query-input\":{\"@type\":\"PropertyValueSpecification\",\"valueRequired\":true,\"valueName\":\"search_term_string\"}}],\"inLanguage\":\"en-US\"},{\"@type\":\"Person\",\"@id\":\"https:\/\/hastaencontrarles.com\/#\/schema\/person\/1fc59792049ecbad1d6663c57d0535e5\",\"name\":\"espejo\",\"image\":{\"@type\":\"ImageObject\",\"inLanguage\":\"en-US\",\"@id\":\"https:\/\/hastaencontrarles.com\/#\/schema\/person\/image\/\",\"url\":\"https:\/\/secure.gravatar.com\/avatar\/00ae54a6fcfad58919659ef5bf3df2ac2a3021bccae0d466151ae57000b2dcd6?s=96&d=mm&r=g\",\"contentUrl\":\"https:\/\/secure.gravatar.com\/avatar\/00ae54a6fcfad58919659ef5bf3df2ac2a3021bccae0d466151ae57000b2dcd6?s=96&d=mm&r=g\",\"caption\":\"espejo\"},\"url\":\"https:\/\/hastaencontrarles.com\/eng\/author\/espejo\/\"}]}<\/script>\n<!-- \/ Yoast SEO plugin. -->","yoast_head_json":{"title":"Los deseos de las infancias de los desaparecidos en Sinaloa","description":"Estas cartas son actos de fe que aprendieron de sus madres, hermanas, t\u00edas y abuelas que tampoco quieren buscar m\u00e1s en los bosques o que sus hijas e hijos sigan buscando desaparecidos en Sinaloa.","robots":{"index":"index","follow":"follow","max-snippet":"max-snippet:-1","max-image-preview":"max-image-preview:large","max-video-preview":"max-video-preview:-1"},"canonical":"https:\/\/hastaencontrarles.com\/eng\/2022\/12\/24\/que-mi-tio-regrese-a-casa-las-infancias-de-los-desaparecidos-en-sinaloa\/","og_locale":"en_US","og_type":"article","og_title":"Los deseos de las infancias de los desaparecidos en Sinaloa","og_description":"Estas cartas son actos de fe que aprendieron de sus madres, hermanas, t\u00edas y abuelas que tampoco quieren buscar m\u00e1s en los bosques o que sus hijas e hijos sigan buscando desaparecidos en Sinaloa.","og_url":"https:\/\/hastaencontrarles.com\/eng\/2022\/12\/24\/que-mi-tio-regrese-a-casa-las-infancias-de-los-desaparecidos-en-sinaloa\/","og_site_name":"Hasta Encontrarles","article_published_time":"2022-12-24T19:58:49+00:00","article_modified_time":"2022-12-24T20:02:16+00:00","og_image":[{"width":662,"height":463,"url":"https:\/\/hastaencontrarles.com\/wp-content\/uploads\/2022\/12\/Infancias-de-los-desaparecidos.png","type":"image\/png"}],"author":"espejo","twitter_card":"summary_large_image","twitter_title":"Los deseos de las infancias de los desaparecidos en Sinaloa","twitter_description":"Estas cartas son actos de fe que aprendieron de sus madres, hermanas, t\u00edas y abuelas que tampoco quieren buscar m\u00e1s en los bosques o que sus hijas e hijos sigan buscando desaparecidos en Sinaloa.","twitter_image":"https:\/\/hastaencontrarles.com\/wp-content\/uploads\/2022\/12\/Infancias-de-los-desaparecidos.png","twitter_misc":{"Written by":"espejo","Est. reading time":"4 minutes"},"schema":{"@context":"https:\/\/schema.org","@graph":[{"@type":"WebPage","@id":"https:\/\/hastaencontrarles.com\/2022\/12\/24\/que-mi-tio-regrese-a-casa-las-infancias-de-los-desaparecidos-en-sinaloa\/","url":"https:\/\/hastaencontrarles.com\/2022\/12\/24\/que-mi-tio-regrese-a-casa-las-infancias-de-los-desaparecidos-en-sinaloa\/","name":"Los deseos de las infancias de los desaparecidos en Sinaloa","isPartOf":{"@id":"https:\/\/hastaencontrarles.com\/#website"},"primaryImageOfPage":{"@id":"https:\/\/hastaencontrarles.com\/2022\/12\/24\/que-mi-tio-regrese-a-casa-las-infancias-de-los-desaparecidos-en-sinaloa\/#primaryimage"},"image":{"@id":"https:\/\/hastaencontrarles.com\/2022\/12\/24\/que-mi-tio-regrese-a-casa-las-infancias-de-los-desaparecidos-en-sinaloa\/#primaryimage"},"thumbnailUrl":"https:\/\/hastaencontrarles.com\/wp-content\/uploads\/2022\/12\/Infancias-de-los-desaparecidos.png","datePublished":"2022-12-24T19:58:49+00:00","dateModified":"2022-12-24T20:02:16+00:00","author":{"@id":"https:\/\/hastaencontrarles.com\/#\/schema\/person\/1fc59792049ecbad1d6663c57d0535e5"},"description":"Estas cartas son actos de fe que aprendieron de sus madres, hermanas, t\u00edas y abuelas que tampoco quieren buscar m\u00e1s en los bosques o que sus hijas e hijos sigan buscando desaparecidos en Sinaloa.","breadcrumb":{"@id":"https:\/\/hastaencontrarles.com\/2022\/12\/24\/que-mi-tio-regrese-a-casa-las-infancias-de-los-desaparecidos-en-sinaloa\/#breadcrumb"},"inLanguage":"en-US","potentialAction":[{"@type":"ReadAction","target":["https:\/\/hastaencontrarles.com\/2022\/12\/24\/que-mi-tio-regrese-a-casa-las-infancias-de-los-desaparecidos-en-sinaloa\/"]}]},{"@type":"ImageObject","inLanguage":"en-US","@id":"https:\/\/hastaencontrarles.com\/2022\/12\/24\/que-mi-tio-regrese-a-casa-las-infancias-de-los-desaparecidos-en-sinaloa\/#primaryimage","url":"https:\/\/hastaencontrarles.com\/wp-content\/uploads\/2022\/12\/Infancias-de-los-desaparecidos.png","contentUrl":"https:\/\/hastaencontrarles.com\/wp-content\/uploads\/2022\/12\/Infancias-de-los-desaparecidos.png","width":662,"height":463},{"@type":"BreadcrumbList","@id":"https:\/\/hastaencontrarles.com\/2022\/12\/24\/que-mi-tio-regrese-a-casa-las-infancias-de-los-desaparecidos-en-sinaloa\/#breadcrumb","itemListElement":[{"@type":"ListItem","position":1,"name":"Portada","item":"https:\/\/hastaencontrarles.com\/"},{"@type":"ListItem","position":2,"name":"\u201cQue mi t\u00edo regrese a casa\u201d: las infancias de los desaparecidos en Sinaloa"}]},{"@type":"WebSite","@id":"https:\/\/hastaencontrarles.com\/#website","url":"https:\/\/hastaencontrarles.com\/","name":"Hasta Encontrarles","description":"Aqu\u00ed yace la memoria de miles de desaparecidos en Sinaloa.","potentialAction":[{"@type":"SearchAction","target":{"@type":"EntryPoint","urlTemplate":"https:\/\/hastaencontrarles.com\/?s={search_term_string}"},"query-input":{"@type":"PropertyValueSpecification","valueRequired":true,"valueName":"search_term_string"}}],"inLanguage":"en-US"},{"@type":"Person","@id":"https:\/\/hastaencontrarles.com\/#\/schema\/person\/1fc59792049ecbad1d6663c57d0535e5","name":"espejo","image":{"@type":"ImageObject","inLanguage":"en-US","@id":"https:\/\/hastaencontrarles.com\/#\/schema\/person\/image\/","url":"https:\/\/secure.gravatar.com\/avatar\/00ae54a6fcfad58919659ef5bf3df2ac2a3021bccae0d466151ae57000b2dcd6?s=96&d=mm&r=g","contentUrl":"https:\/\/secure.gravatar.com\/avatar\/00ae54a6fcfad58919659ef5bf3df2ac2a3021bccae0d466151ae57000b2dcd6?s=96&d=mm&r=g","caption":"espejo"},"url":"https:\/\/hastaencontrarles.com\/eng\/author\/espejo\/"}]}},"_links":{"self":[{"href":"https:\/\/hastaencontrarles.com\/eng\/wp-json\/wp\/v2\/posts\/1207","targetHints":{"allow":["GET"]}}],"collection":[{"href":"https:\/\/hastaencontrarles.com\/eng\/wp-json\/wp\/v2\/posts"}],"about":[{"href":"https:\/\/hastaencontrarles.com\/eng\/wp-json\/wp\/v2\/types\/post"}],"author":[{"embeddable":true,"href":"https:\/\/hastaencontrarles.com\/eng\/wp-json\/wp\/v2\/users\/2"}],"replies":[{"embeddable":true,"href":"https:\/\/hastaencontrarles.com\/eng\/wp-json\/wp\/v2\/comments?post=1207"}],"version-history":[{"count":8,"href":"https:\/\/hastaencontrarles.com\/eng\/wp-json\/wp\/v2\/posts\/1207\/revisions"}],"predecessor-version":[{"id":1222,"href":"https:\/\/hastaencontrarles.com\/eng\/wp-json\/wp\/v2\/posts\/1207\/revisions\/1222"}],"wp:featuredmedia":[{"embeddable":true,"href":"https:\/\/hastaencontrarles.com\/eng\/wp-json\/wp\/v2\/media\/1214"}],"wp:attachment":[{"href":"https:\/\/hastaencontrarles.com\/eng\/wp-json\/wp\/v2\/media?parent=1207"}],"wp:term":[{"taxonomy":"category","embeddable":true,"href":"https:\/\/hastaencontrarles.com\/eng\/wp-json\/wp\/v2\/categories?post=1207"},{"taxonomy":"post_tag","embeddable":true,"href":"https:\/\/hastaencontrarles.com\/eng\/wp-json\/wp\/v2\/tags?post=1207"}],"curies":[{"name":"wp","href":"https:\/\/api.w.org\/{rel}","templated":true}]}}